{"id":1299,"date":"2025-05-19T12:18:29","date_gmt":"2025-05-19T10:18:29","guid":{"rendered":"https:\/\/automeeting.fr\/magazine\/sinistralite-en-hausse-de-10-la-nouvelle-donne-pour-lassurance-auto\/"},"modified":"2025-05-19T12:18:29","modified_gmt":"2025-05-19T10:18:29","slug":"sinistralite-en-hausse-de-10-la-nouvelle-donne-pour-lassurance-auto","status":"publish","type":"post","link":"https:\/\/automeeting.fr\/magazine\/sinistralite-en-hausse-de-10-la-nouvelle-donne-pour-lassurance-auto\/","title":{"rendered":"Sinistralit\u00e9 en hausse de 10 % : la nouvelle donne pour l&rsquo;assurance auto"},"content":{"rendered":"<article>\n<p>\nLe march\u00e9 de l\u2019assurance automobile et moto en 2025 affiche des \u00e9volutions chiffr\u00e9es pr\u00e9cises, issues d\u2019analyses r\u00e9centes et d\u2019\u00e9tudes sectorielles. Les donn\u00e9es rapport\u00e9es permettent d\u2019identifier avec exactitude des tendances tarifaires, des \u00e9volutions dans la sinistralit\u00e9, ainsi que des mutations r\u00e9glementaires et technologiques. Ces informations, extraites notamment de <a href=\"https:\/\/www.auto-moto.com\/conseil-d-achat\/assurance-auto-2025--evolutions-majeures-et-conseils-pour-bien-s-adapter-57479\" target=\"_blank\" rel=\"noopener\">auto-moto.com<\/a>, <a href=\"https:\/\/www.freenduro.com\/news\/cdf-cross-country\/4918-resultats-cross-country-france-2025-le-puy-en-velay-43-blanjoue-s-impose-dans-la-douleur\" target=\"_blank\" rel=\"noopener\">freenduro.com<\/a> et <a href=\"https:\/\/www.capital.fr\/votre-argent\/combien-payez-vous-en-assurances-toute-votre-vie-ce-chiffre-donne-le-tournis-1513743\" target=\"_blank\" rel=\"noopener\">capital.fr<\/a>, mettent en exergue des modifications concr\u00e8tes du secteur, tant pour les particuliers que pour les professionnels.\n<\/p>\n<div id=\"ez-toc-container\" class=\"ez-toc-v2_0_74 counter-hierarchy ez-toc-counter ez-toc-grey ez-toc-container-direction\">\n<p class=\"ez-toc-title\" style=\"cursor:inherit\">Sommaire<\/p>\n<label for=\"ez-toc-cssicon-toggle-item-69f2ce8ed8d16\" class=\"ez-toc-cssicon-toggle-label\"><span class=\"ez-toc-cssicon\"><span class=\"eztoc-hide\" style=\"display:none;\">Toggle<\/span><span class=\"ez-toc-icon-toggle-span\"><svg style=\"fill: #999;color:#999\" xmlns=\"http:\/\/www.w3.org\/2000\/svg\" class=\"list-377408\" width=\"20px\" height=\"20px\" viewBox=\"0 0 24 24\" fill=\"none\"><path d=\"M6 6H4v2h2V6zm14 0H8v2h12V6zM4 11h2v2H4v-2zm16 0H8v2h12v-2zM4 16h2v2H4v-2zm16 0H8v2h12v-2z\" fill=\"currentColor\"><\/path><\/svg><svg style=\"fill: #999;color:#999\" class=\"arrow-unsorted-368013\" xmlns=\"http:\/\/www.w3.org\/2000\/svg\" width=\"10px\" height=\"10px\" viewBox=\"0 0 24 24\" version=\"1.2\" baseProfile=\"tiny\"><path d=\"M18.2 9.3l-6.2-6.3-6.2 6.3c-.2.2-.3.4-.3.7s.1.5.3.7c.2.2.4.3.7.3h11c.3 0 .5-.1.7-.3.2-.2.3-.5.3-.7s-.1-.5-.3-.7zM5.8 14.7l6.2 6.3 6.2-6.3c.2-.2.3-.5.3-.7s-.1-.5-.3-.7c-.2-.2-.4-.3-.7-.3h-11c-.3 0-.5.1-.7.3-.2.2-.3.5-.3.7s.1.5.3.7z\"\/><\/svg><\/span><\/span><\/label><input type=\"checkbox\"  id=\"ez-toc-cssicon-toggle-item-69f2ce8ed8d16\"  aria-label=\"Toggle\" \/><nav><ul class='ez-toc-list ez-toc-list-level-1 ' ><li class='ez-toc-page-1 ez-toc-heading-level-2'><a class=\"ez-toc-link ez-toc-heading-1\" href=\"https:\/\/automeeting.fr\/magazine\/sinistralite-en-hausse-de-10-la-nouvelle-donne-pour-lassurance-auto\/#Tarification_et_couts\" >Tarification et co\u00fbts<\/a><\/li><li class='ez-toc-page-1 ez-toc-heading-level-2'><a class=\"ez-toc-link ez-toc-heading-2\" href=\"https:\/\/automeeting.fr\/magazine\/sinistralite-en-hausse-de-10-la-nouvelle-donne-pour-lassurance-auto\/#Sinistralite_et_risques_accrus\" >Sinistralit\u00e9 et risques accrus<\/a><\/li><li class='ez-toc-page-1 ez-toc-heading-level-2'><a class=\"ez-toc-link ez-toc-heading-3\" href=\"https:\/\/automeeting.fr\/magazine\/sinistralite-en-hausse-de-10-la-nouvelle-donne-pour-lassurance-auto\/#Reglementation_et_adaptations_administratives\" >R\u00e9glementation et adaptations administratives<\/a><\/li><li class='ez-toc-page-1 ez-toc-heading-level-2'><a class=\"ez-toc-link ez-toc-heading-4\" href=\"https:\/\/automeeting.fr\/magazine\/sinistralite-en-hausse-de-10-la-nouvelle-donne-pour-lassurance-auto\/#Innovations_et_digitalisation\" >Innovations et digitalisation<\/a><\/li><li class='ez-toc-page-1 ez-toc-heading-level-2'><a class=\"ez-toc-link ez-toc-heading-5\" href=\"https:\/\/automeeting.fr\/magazine\/sinistralite-en-hausse-de-10-la-nouvelle-donne-pour-lassurance-auto\/#Evenements_sportifs_et_mesures_de_prevention\" >\u00c9v\u00e9nements sportifs et mesures de pr\u00e9vention<\/a><\/li><li class='ez-toc-page-1 ez-toc-heading-level-2'><a class=\"ez-toc-link ez-toc-heading-6\" href=\"https:\/\/automeeting.fr\/magazine\/sinistralite-en-hausse-de-10-la-nouvelle-donne-pour-lassurance-auto\/#Controles_techniques_et_securite_routiere\" >Contr\u00f4les techniques et s\u00e9curit\u00e9 routi\u00e8re<\/a><\/li><li class='ez-toc-page-1 ez-toc-heading-level-2'><a class=\"ez-toc-link ez-toc-heading-7\" href=\"https:\/\/automeeting.fr\/magazine\/sinistralite-en-hausse-de-10-la-nouvelle-donne-pour-lassurance-auto\/#Perspectives_sur_le_marche\" >Perspectives sur le march\u00e9<\/a><\/li><\/ul><\/nav><\/div>\n<h2><span class=\"ez-toc-section\" id=\"Tarification_et_couts\"><\/span>Tarification et co\u00fbts<span class=\"ez-toc-section-end\"><\/span><\/h2>\n<p>\nLes ajustements tarifaires appliqu\u00e9s pour l\u2019ann\u00e9e 2025 se caract\u00e9risent par une augmentation des primes d\u2019assurance auto estim\u00e9e entre <b>4 %<\/b> et <b>6 %<\/b>, dans la continuit\u00e9 de la hausse de <b>8 %<\/b> enregistr\u00e9e en 2024. La r\u00e9partition de ces \u00e9volutions repose sur plusieurs facteurs mesurables :\n<\/p>\n<ul>\n<li>Une inflation persistante impactant l\u2019ensemble des co\u00fbts op\u00e9rationnels.<\/li>\n<li>Une hausse des co\u00fbts de r\u00e9paration, accompagn\u00e9e d\u2019une augmentation observ\u00e9e de <b>8,9 %<\/b> dans le prix de certains r\u00e9troviseurs sur la p\u00e9riode 2023-2024.<\/li>\n<li>Des estimations indiquant que le co\u00fbt total des assurances sur une vie, pour certains assur\u00e9s, oscille entre <b>92 700<\/b> et plus de <b>120 500 euros<\/b>, avec une inflation annuelle susceptible de multiplier ces d\u00e9penses.<\/li>\n<\/ul>\n<p>\nCes points pr\u00e9cis, r\u00e9cemment comment\u00e9s par <a href=\"https:\/\/www.auto-moto.com\/conseil-d-achat\/assurance-auto-2025--evolutions-majeures-et-conseils-pour-bien-s-adapter-57479\" target=\"_blank\" rel=\"noopener\">auto-moto.com<\/a>, <a href=\"https:\/\/www.lejsl.com\/magazine-automobile\/2025\/05\/14\/le-prix-des-assurances-auto-a-augmente-de-8-en-2024\" target=\"_blank\" rel=\"noopener\">lejsl.com<\/a>, <a href=\"https:\/\/www.magnolia.fr\/actualites\/assurance-emprunteur\/assurances-economiser-sur-plus-de-100000-euros-depenses-a-vie\" target=\"_blank\" rel=\"noopener\">magnolia.fr<\/a>, <a href=\"https:\/\/www.capital.fr\/votre-argent\/combien-payez-vous-en-assurances-toute-votre-vie-ce-chiffre-donne-le-tournis-1513743\" target=\"_blank\" rel=\"noopener\">capital.fr<\/a> et <a href=\"https:\/\/www.europe1.fr\/economie\/sante-auto-habitation-ce-budget-colossal-quil-faudra-depenser-pour-les-assurances-durant-toute-sa-vie-752683\" target=\"_blank\" rel=\"noopener\">europe1.fr<\/a>, d\u00e9montrent l\u2019importance de suivre pr\u00e9cis\u00e9ment l\u2019\u00e9volution des tarifs pour mieux adapter les strat\u00e9gies individuelles et optimiser la gestion budg\u00e9taire.\n<\/p>\n<p>\nLa recherche active de meilleure ad\u00e9quation entre la couverture et le co\u00fbt conduit de nombreux assur\u00e9s \u00e0 recourir \u00e0 des comparateurs en ligne, strat\u00e9gie individuelle qui souligne l\u2019\u00e9volution du comportement des consommateurs face \u00e0 la mont\u00e9e des co\u00fbts assurantiels.\n<\/p>\n<h2><span class=\"ez-toc-section\" id=\"Sinistralite_et_risques_accrus\"><\/span>Sinistralit\u00e9 et risques accrus<span class=\"ez-toc-section-end\"><\/span><\/h2>\n<p>\nLes chiffres r\u00e9cents attestent d\u2019une augmentation significative de la sinistralit\u00e9 sur le march\u00e9 automobile. Une hausse de <b>10 %<\/b> des accidents impliquant pi\u00e9tons et cyclistes a conduit \u00e0 une multiplication des indemnit\u00e9s vers\u00e9es, impactant directement les bilans des compagnies. Ce constat a \u00e9t\u00e9 rapport\u00e9 par <a href=\"https:\/\/www.auto-moto.com\/conseil-d-achat\/assurance-auto-2025--evolutions-majeures-et-conseils-pour-bien-s-adapter-57479\" target=\"_blank\" rel=\"noopener\">auto-moto.com<\/a>.\n<\/p>\n<p>\nPar ailleurs, la fraude aux assurances constitue un enjeu majeur, avec une estimation de pr\u00e8s de <b>236,8 millions d\u2019euros<\/b> en 2023. Ce chiffre, relev\u00e9 par <a href=\"https:\/\/www.lejsl.com\/magazine-automobile\/2025\/05\/14\/le-prix-des-assurances-auto-a-augmente-de-8-en-2024\" target=\"_blank\" rel=\"noopener\">lejsl.com<\/a>, invite les compagnies \u00e0 renforcer leurs proc\u00e9dures de contr\u00f4le et de d\u00e9tection.\n<\/p>\n<p>\nDu c\u00f4t\u00e9 des deux-roues, les techniques de vol se sont perfectionn\u00e9es. Les rapports \u00e9tablis par <a href=\"https:\/\/www.moto-net.com\/article\/quels-sont-les-dix-scooters-les-plus-volees-en-france-en-2024.html\" target=\"_blank\" rel=\"noopener\">moto-net.com<\/a> indiquent un classement pr\u00e9cis des scooters et motos les plus vuln\u00e9rables. Parmi ces mod\u00e8les, le scooter Tmax et la moto R1250GS apparaissent comme des cibles de choix pour les cambrioleurs, incitant les assureurs \u00e0 r\u00e9ajuster leurs strat\u00e9gies tarifaires et pr\u00e9ventives.\n<\/p>\n<p>\nCes analyses, document\u00e9es de mani\u00e8re pointue par les diff\u00e9rentes sources, fournissent un \u00e9clairage pragmatique sur l\u2019impact de la sinistralit\u00e9 et la n\u00e9cessit\u00e9 pour les acteurs du secteur d\u2019en mesurer les r\u00e9percussions financi\u00e8res.\n<\/p>\n<h2><span class=\"ez-toc-section\" id=\"Reglementation_et_adaptations_administratives\"><\/span>R\u00e9glementation et adaptations administratives<span class=\"ez-toc-section-end\"><\/span><\/h2>\n<p>\nLa refonte du cadre r\u00e9glementaire en 2025 se mat\u00e9rialise notamment par la disparition progressive de la carte verte au profit du Fichier des V\u00e9hicules Assur\u00e9s (FVA). Ce nouveau syst\u00e8me, qui permet aux forces de l\u2019ordre de v\u00e9rifier la couverture d\u2019un v\u00e9hicule en interrogeant sa plaque d\u2019immatriculation, est salu\u00e9 pour sa rapidit\u00e9 dans l\u2019actualisation des donn\u00e9es. Cette transition a \u00e9t\u00e9 relay\u00e9e par <a href=\"https:\/\/www.neozone.org\/societe\/constat-controle-fva-le-point-un-an-apres-la-disparition-de-la-carte-verte-dassurance\/\" target=\"_blank\" rel=\"noopener\">neozone.org<\/a> et <a href=\"https:\/\/www.meilleurtaux.com\/comparateur-assurance\/assurance-auto\/actualites\/2025-mai\/fichier-vehicules-assures-prend-relais-vignette-verte.html\" target=\"_blank\" rel=\"noopener\">meilleurtaux.com<\/a>.\n<\/p>\n<p>\nLe passage du syst\u00e8me papier au support num\u00e9rique se traduit \u00e9galement par un avantage environnemental tangible, avec la suppression annuelle de <b>1 200 tonnes de CO\u2082<\/b> dues \u00e0 l\u2019arr\u00eat de l\u2019impression des cartes vertes. Les questions de mise \u00e0 jour des informations dans le FVA demeurent n\u00e9anmoins cruciales pour \u00e9viter les conflits lors des contr\u00f4les.\n<\/p>\n<p>\nUn autre volet de cette r\u00e9organisation concerne la r\u00e9glementation des vignettes Crit\u2019Air dans les zones \u00e0 faibles \u00e9missions. Les d\u00e9bats actuels, relay\u00e9s par <a href=\"https:\/\/www.cafebabel.fr\/actualite\/automobilistes-certains-vehicules-avec-ces-vignettes-critair-seront-prives-dassurance-en-cas-daccident-a-partir-de-cette-date-ce-quil-faut-savoir\/\" target=\"_blank\" rel=\"noopener\">cafebabel.fr<\/a>, pr\u00e9cisent que l\u2019absence de vignette ne remet pas en cause la validit\u00e9 de l\u2019assurance, m\u00eame si des sanctions financi\u00e8res peuvent \u00eatre appliqu\u00e9es en cas d\u2019infraction.\n<\/p>\n<p>\nCes ajustements administratifs et r\u00e9glementaires, bas\u00e9s sur des donn\u00e9es actualis\u00e9es, t\u00e9moignent de l\u2019adaptation constante du secteur aux mutations technologiques et environnementales.\n<\/p>\n<h2><span class=\"ez-toc-section\" id=\"Innovations_et_digitalisation\"><\/span>Innovations et digitalisation<span class=\"ez-toc-section-end\"><\/span><\/h2>\n<p>\nL\u2019innovation technologique occupe une place pr\u00e9pond\u00e9rante dans le secteur, avec l\u2019int\u00e9gration de solutions d\u2019intelligence artificielle destin\u00e9es \u00e0 acc\u00e9l\u00e9rer le traitement des sinistres et \u00e0 d\u00e9tecter les fraudes. Cette digitalisation, largement relay\u00e9e par <a href=\"https:\/\/www.auto-moto.com\/conseil-d-achat\/assurance-auto-2025--evolutions-majeures-et-conseils-pour-bien-s-adapter-57479\" target=\"_blank\" rel=\"noopener\">auto-moto.com<\/a>, modifie en profondeur le parcours client, offrant une gestion enti\u00e8rement en ligne de la souscription et des d\u00e9marches administratives.\n<\/p>\n<p>\nL\u2019exp\u00e9rience utilisateur s\u2019en trouve am\u00e9lior\u00e9e par la possibilit\u00e9 de suivre en temps r\u00e9el le traitement de dossiers, tout en garantissant une meilleure protection des donn\u00e9es personnelles. Cette \u00e9volution a aussi \u00e9t\u00e9 relev\u00e9e par <a href=\"https:\/\/www.neozone.org\/societe\/constat-controle-fva-le-point-un-an-apres-la-disparition-de-la-carte-verte-dassurance\/\" target=\"_blank\" rel=\"noopener\">neozone.org<\/a>.\n<\/p>\n<p>\nConcernant les deux-roues, des dispositifs innovants comme le DATATAG britannique sont mis en avant lors de salons sp\u00e9cialis\u00e9s, permettant d\u2019optimiser le gravage de s\u00e9curit\u00e9 et d\u2019am\u00e9liorer la tra\u00e7abilit\u00e9 des v\u00e9hicules vol\u00e9s. Ainsi, les traceurs GPS, bien qu\u2019imparfaits pour pr\u00e9venir totalement le vol, facilitent la localisation des v\u00e9hicules, r\u00e9duisant ainsi l\u2019impact financier des pertes. Ces dispositifs et leur pertinence ont \u00e9t\u00e9 analys\u00e9s par <a href=\"https:\/\/www.moto-net.com\/article\/quelles-sont-les-dix-motos-les-plus-volees-en-france-en-2024-et-pourquoi.html\" target=\"_blank\" rel=\"noopener\">moto-net.com<\/a>.\n<\/p>\n<p>\nEn outre, certaines compagnies, comme Clavel Assurances, modernisent leur image et optimisent leur offre gr\u00e2ce \u00e0 des campagnes de communication singuli\u00e8res, tout en maintenant une politique tarifaire concurrentielle. Ce renouvellement de l\u2019offre a \u00e9t\u00e9 bri\u00e8vement pr\u00e9sent\u00e9 par <a href=\"https:\/\/www.lejournaldesentreprises.com\/breve\/clavel-assurances-modernise-son-image-avec-une-campagne-decalee-2119332\" target=\"_blank\" rel=\"noopener\">lejournaldesentreprises.com<\/a>.\n<\/p>\n<p>\nParall\u00e8lement, l\u2019accompagnement de la transition \u00e9cologique se concr\u00e9tise par l\u2019octroi d\u2019aides, telles que les Certificats d\u2019\u00c9conomies d\u2019\u00c9nergie (CEE), pour l\u2019achat de v\u00e9hicules \u00e9lectriques. Cette mesure, qui permet de r\u00e9duire les primes pour les conducteurs engag\u00e9s dans la mobilit\u00e9 durable, fait l\u2019objet d\u2019analyses pr\u00e9cises sur <a href=\"https:\/\/www.lelynx.fr\/breves\/remises-achat-vehicule-electrique\/\" target=\"_blank\" rel=\"noopener\">lelynx.fr<\/a>.\n<\/p>\n<h2><span class=\"ez-toc-section\" id=\"Evenements_sportifs_et_mesures_de_prevention\"><\/span>\u00c9v\u00e9nements sportifs et mesures de pr\u00e9vention<span class=\"ez-toc-section-end\"><\/span><\/h2>\n<p>\nDes manifestations sportives telles que le Championnat de France de Cross-Country 2025, qui s\u2019est d\u00e9roul\u00e9 au Puy-en-Velay, illustrent de mani\u00e8re concr\u00e8te la rencontre entre performance sportive et gestion des risques. Environ <b>400 pilotes<\/b> se sont affront\u00e9s sur un circuit technique, avec la performance particuli\u00e8rement remarquable d\u2019Hugo Blanjoue, relev\u00e9e malgr\u00e9 un retour de blessure. Ces donn\u00e9es, rapport\u00e9es par <a href=\"https:\/\/www.freenduro.com\/news\/cdf-cross-country\/4918-resultats-cross-country-france-2025-le-puy-en-velay-43-blanjoue-s-impose-dans-la-douleur\" target=\"_blank\" rel=\"noopener\">freenduro.com<\/a>, t\u00e9moignent de la n\u00e9cessit\u00e9 d\u2019adapter en continu les dispositifs de couverture lors d\u2019\u00e9v\u00e9nements de haute comp\u00e9tition.\n<\/p>\n<p>\nDans le segment des deux-roues, la pr\u00e9vention contre le vol prend une importance accrue. Les analyses portant sur le classement des scooters et motos les plus vol\u00e9s, publi\u00e9es par <a href=\"https:\/\/www.moto-net.com\/article\/quels-sont-les-dix-scooters-les-plus-volees-en-france-en-2024.html\" target=\"_blank\" rel=\"noopener\">moto-net.com<\/a>, identifient clairement les mod\u00e8les pr\u00e9sentant des vuln\u00e9rabilit\u00e9s techniques (notamment le d\u00e9montage rapide et la revente en pi\u00e8ces d\u00e9tach\u00e9es). Des recommandations pr\u00e9cises pr\u00e9conisent l\u2019installation d\u2019antivols conformes \u00e0 la norme SRA et le recours \u00e0 des syst\u00e8mes de marquage pour s\u00e9curiser l\u2019ensemble des v\u00e9hicules, mesures qui se retrouvent dans la strat\u00e9gie globale d\u2019att\u00e9nuation des risques.\n<\/p>\n<p>\nCes indicateurs, pr\u00e9cis et sourc\u00e9s, appellent \u00e0 une vigilance renforc\u00e9e de la part des assur\u00e9s et des intervenants du secteur, sans qu\u2019il soit question ici de proposer un avis contractuel ou juridique.\n<\/p>\n<h2><span class=\"ez-toc-section\" id=\"Controles_techniques_et_securite_routiere\"><\/span>Contr\u00f4les techniques et s\u00e9curit\u00e9 routi\u00e8re<span class=\"ez-toc-section-end\"><\/span><\/h2>\n<p>\nLes contr\u00f4les techniques constituent un maillon essentiel dans la mise en \u0153uvre d\u2019une politique de s\u00e9curit\u00e9 routi\u00e8re robuste. Des ajustements propos\u00e9s au niveau europ\u00e9en pr\u00e9voient, par exemple, l\u2019imposition d\u2019un contr\u00f4le annuel pour les v\u00e9hicules \u00e2g\u00e9s de plus de 10 ans. En France, l\u2019obligation de passer le contr\u00f4le technique tous les deux ans reste en vigueur, afin de garantir une conformit\u00e9 permanente aux normes de s\u00e9curit\u00e9.\n<\/p>\n<p>\nCette d\u00e9marche, mise en exergue par <a href=\"https:\/\/www.lelynx.fr\/breves\/controles-techniques-en-europe\/\" target=\"_blank\" rel=\"noopener\">lelynx.fr<\/a>, contribue directement \u00e0 la r\u00e9duction des sinistres en s\u2019assurant qu\u2019un v\u00e9hicule en circulation r\u00e9ponde aux exigences officielles. Ces mesures, quantifi\u00e9es et r\u00e9glement\u00e9es, renforcent l\u2019interd\u00e9pendance entre la validit\u00e9 des garanties d\u2019assurance et la conformit\u00e9 technique des v\u00e9hicules.\n<\/p>\n<h2><span class=\"ez-toc-section\" id=\"Perspectives_sur_le_marche\"><\/span>Perspectives sur le march\u00e9<span class=\"ez-toc-section-end\"><\/span><\/h2>\n<p>\nLes donn\u00e9es pr\u00e9cises pr\u00e9sent\u00e9es dans les diff\u00e9rentes sections illustrent un march\u00e9 confront\u00e9 \u00e0 une mont\u00e9e des d\u00e9fis, tant sur le plan \u00e9conomique que technologique et r\u00e9glementaire. Les chiffres indiquant une hausse des primes, l\u2019augmentation mesurable des sinistres \u2013 tant en nombre qu\u2019en co\u00fbt \u2013 et la mise en place de dispositifs num\u00e9riques et environnementaux, comme le Fichier des V\u00e9hicules Assur\u00e9s, obligent les acteurs \u00e0 une adaptation continue. Ces points de vigilance, relay\u00e9s respectivement par <a href=\"https:\/\/www.capital.fr\/votre-argent\/combien-payez-vous-en-assurances-toute-votre-vie-ce-chiffre-donne-le-tournis-1513743\" target=\"_blank\" rel=\"noopener\">capital.fr<\/a>, <a href=\"https:\/\/www.magnolia.fr\/actualites\/assurance-emprunteur\/assurances-economiser-sur-plus-de-100000-euros-depenses-a-vie\" target=\"_blank\" rel=\"noopener\">magnolia.fr<\/a>, <a href=\"https:\/\/www.neozone.org\/societe\/constat-controle-fva-le-point-un-an-apres-la-disparition-de-la-carte-verte-dassurance\/\" target=\"_blank\" rel=\"noopener\">neozone.org<\/a>, <a href=\"https:\/\/www.meilleurtaux.com\/comparateur-assurance\/assurance-auto\/actualites\/2025-mai\/fichier-vehicules-assures-prend-relais-vignette-verte.html\" target=\"_blank\" rel=\"noopener\">meilleurtaux.com<\/a> et <a href=\"https:\/\/www.cafebabel.fr\/actualite\/automobilistes-certains-vehicules-avec-ces-vignettes-critair-seront-prives-dassurance-en-cas-daccident-a-partir-de-cette-date-ce-quil-faut-savoir\/\" target=\"_blank\" rel=\"noopener\">cafebabel.fr<\/a>, illustrent la complexit\u00e9 du contexte actuel.\n<\/p>\n<p>\nL\u2019ensemble de ces indicateurs, d\u00e9taill\u00e9 dans chacun des segments abord\u00e9s, ne se r\u00e9sume pas \u00e0 une vision unilat\u00e9rale mais traduit une dynamique n\u00e9cessitant une mise \u00e0 jour r\u00e9guli\u00e8re des outils de tarification et de pr\u00e9vention. Les assureurs, tout en prenant en compte les \u00e9volutions technologiques (int\u00e9gration de l\u2019intelligence artificielle, digitalisation des d\u00e9marches et dispositifs de marquage) et en adaptant leurs syst\u00e8mes administratifs (transition du syst\u00e8me de la carte verte vers le FVA, contr\u00f4le renforc\u00e9 des v\u00e9hicules), doivent tenir compte d\u2019un march\u00e9 en constante mutation.\n<\/p>\n<p>\nCes pr\u00e9cisions, \u00e9tablies \u00e0 partir de donn\u00e9es multiples, s\u2019inscrivent dans une logique de suivi permanent du secteur. Les informations communiqu\u00e9es ici, sans constituer un conseil contractuel ou juridique, offrent un aper\u00e7u d\u00e9taill\u00e9 des \u00e9l\u00e9ments \u00e0 surveiller pour une compr\u00e9hension accrue des enjeux actuels.\n<\/p>\n<\/article>\n","protected":false},"excerpt":{"rendered":"<p>Le march\u00e9 de l\u2019assurance automobile et moto en 2025 affiche des \u00e9volutions chiffr\u00e9es pr\u00e9cises, issues d\u2019analyses r\u00e9centes et d\u2019\u00e9tudes sectorielles. Les donn\u00e9es rapport\u00e9es permettent d\u2019identifier avec exactitude des tendances tarifaires, des \u00e9volutions dans la sinistralit\u00e9, ainsi que des mutations r\u00e9glementaires et technologiques. Ces informations, extraites notamment de auto-moto.com, freenduro.com et capital.fr, mettent en exergue des&hellip;&nbsp;<a href=\"https:\/\/automeeting.fr\/magazine\/sinistralite-en-hausse-de-10-la-nouvelle-donne-pour-lassurance-auto\/\" class=\"\" rel=\"bookmark\">Lire la suite &raquo;<span class=\"screen-reader-text\">Sinistralit\u00e9 en hausse de 10 % : la nouvelle donne pour l&rsquo;assurance auto<\/span><\/a><\/p>\n","protected":false},"author":1,"featured_media":0,"comment_status":"","ping_status":"","sticky":false,"template":"","format":"standard","meta":{"_lmt_disableupdate":"","_lmt_disable":"","neve_meta_sidebar":"","neve_meta_container":"","neve_meta_enable_content_width":"","neve_meta_content_width":0,"neve_meta_title_alignment":"","neve_meta_author_avatar":"","neve_post_elements_order":"","neve_meta_disable_header":"","neve_meta_disable_footer":"","neve_meta_disable_title":"","footnotes":""},"categories":[5],"tags":[],"class_list":["post-1299","post","type-post","status-publish","format-standard","hentry","category-assurance"],"modified_by":null,"_links":{"self":[{"href":"https:\/\/automeeting.fr\/magazine\/wp-json\/wp\/v2\/posts\/1299","targetHints":{"allow":["GET"]}}],"collection":[{"href":"https:\/\/automeeting.fr\/magazine\/wp-json\/wp\/v2\/posts"}],"about":[{"href":"https:\/\/automeeting.fr\/magazine\/wp-json\/wp\/v2\/types\/post"}],"author":[{"embeddable":true,"href":"https:\/\/automeeting.fr\/magazine\/wp-json\/wp\/v2\/users\/1"}],"replies":[{"embeddable":true,"href":"https:\/\/automeeting.fr\/magazine\/wp-json\/wp\/v2\/comments?post=1299"}],"version-history":[{"count":0,"href":"https:\/\/automeeting.fr\/magazine\/wp-json\/wp\/v2\/posts\/1299\/revisions"}],"wp:attachment":[{"href":"https:\/\/automeeting.fr\/magazine\/wp-json\/wp\/v2\/media?parent=1299"}],"wp:term":[{"taxonomy":"category","embeddable":true,"href":"https:\/\/automeeting.fr\/magazine\/wp-json\/wp\/v2\/categories?post=1299"},{"taxonomy":"post_tag","embeddable":true,"href":"https:\/\/automeeting.fr\/magazine\/wp-json\/wp\/v2\/tags?post=1299"}],"curies":[{"name":"wp","href":"https:\/\/api.w.org\/{rel}","templated":true}]}}