{"id":1295,"date":"2025-05-16T09:05:09","date_gmt":"2025-05-16T07:05:09","guid":{"rendered":"https:\/\/automeeting.fr\/magazine\/marche-automobile-volumes-en-hausse-de-35\/"},"modified":"2025-05-16T09:05:09","modified_gmt":"2025-05-16T07:05:09","slug":"marche-automobile-volumes-en-hausse-de-35","status":"publish","type":"post","link":"https:\/\/automeeting.fr\/magazine\/marche-automobile-volumes-en-hausse-de-35\/","title":{"rendered":"March\u00e9 automobile : volumes en hausse de 3,5 %"},"content":{"rendered":"<article>\n<div id=\"ez-toc-container\" class=\"ez-toc-v2_0_74 counter-hierarchy ez-toc-counter ez-toc-grey ez-toc-container-direction\">\n<p class=\"ez-toc-title\" style=\"cursor:inherit\">Sommaire<\/p>\n<label for=\"ez-toc-cssicon-toggle-item-69f5c28924f37\" class=\"ez-toc-cssicon-toggle-label\"><span class=\"ez-toc-cssicon\"><span class=\"eztoc-hide\" style=\"display:none;\">Toggle<\/span><span class=\"ez-toc-icon-toggle-span\"><svg style=\"fill: #999;color:#999\" xmlns=\"http:\/\/www.w3.org\/2000\/svg\" class=\"list-377408\" width=\"20px\" height=\"20px\" viewBox=\"0 0 24 24\" fill=\"none\"><path d=\"M6 6H4v2h2V6zm14 0H8v2h12V6zM4 11h2v2H4v-2zm16 0H8v2h12v-2zM4 16h2v2H4v-2zm16 0H8v2h12v-2z\" fill=\"currentColor\"><\/path><\/svg><svg style=\"fill: #999;color:#999\" class=\"arrow-unsorted-368013\" xmlns=\"http:\/\/www.w3.org\/2000\/svg\" width=\"10px\" height=\"10px\" viewBox=\"0 0 24 24\" version=\"1.2\" baseProfile=\"tiny\"><path d=\"M18.2 9.3l-6.2-6.3-6.2 6.3c-.2.2-.3.4-.3.7s.1.5.3.7c.2.2.4.3.7.3h11c.3 0 .5-.1.7-.3.2-.2.3-.5.3-.7s-.1-.5-.3-.7zM5.8 14.7l6.2 6.3 6.2-6.3c.2-.2.3-.5.3-.7s-.1-.5-.3-.7c-.2-.2-.4-.3-.7-.3h-11c-.3 0-.5.1-.7.3-.2.2-.3.5-.3.7s.1.5.3.7z\"\/><\/svg><\/span><\/span><\/label><input type=\"checkbox\"  id=\"ez-toc-cssicon-toggle-item-69f5c28924f37\"  aria-label=\"Toggle\" \/><nav><ul class='ez-toc-list ez-toc-list-level-1 ' ><li class='ez-toc-page-1 ez-toc-heading-level-2'><a class=\"ez-toc-link ez-toc-heading-1\" href=\"https:\/\/automeeting.fr\/magazine\/marche-automobile-volumes-en-hausse-de-35\/#Achat_et_vente_de_voitures_entre_strategie_innovation_et_defis_internationaux\" >Achat et vente de voitures : entre strat\u00e9gie, innovation et d\u00e9fis internationaux<\/a><ul class='ez-toc-list-level-3' ><li class='ez-toc-heading-level-3'><a class=\"ez-toc-link ez-toc-heading-2\" href=\"https:\/\/automeeting.fr\/magazine\/marche-automobile-volumes-en-hausse-de-35\/#Choix_strategiques_et_presence_sur_les_salons_internationaux\" >Choix strat\u00e9giques et pr\u00e9sence sur les salons internationaux<\/a><\/li><li class='ez-toc-page-1 ez-toc-heading-level-3'><a class=\"ez-toc-link ez-toc-heading-3\" href=\"https:\/\/automeeting.fr\/magazine\/marche-automobile-volumes-en-hausse-de-35\/#Protection_de_la_marque_et_differends_juridiques\" >Protection de la marque et diff\u00e9rends juridiques<\/a><\/li><li class='ez-toc-page-1 ez-toc-heading-level-3'><a class=\"ez-toc-link ez-toc-heading-4\" href=\"https:\/\/automeeting.fr\/magazine\/marche-automobile-volumes-en-hausse-de-35\/#Innover_pour_repenser_la_mobilite\" >Innover pour repenser la mobilit\u00e9<\/a><\/li><li class='ez-toc-page-1 ez-toc-heading-level-3'><a class=\"ez-toc-link ez-toc-heading-5\" href=\"https:\/\/automeeting.fr\/magazine\/marche-automobile-volumes-en-hausse-de-35\/#Les_petites_voitures_au_coeur_du_debat_europeen\" >Les petites voitures au c\u0153ur du d\u00e9bat europ\u00e9en<\/a><\/li><li class='ez-toc-page-1 ez-toc-heading-level-3'><a class=\"ez-toc-link ez-toc-heading-6\" href=\"https:\/\/automeeting.fr\/magazine\/marche-automobile-volumes-en-hausse-de-35\/#Guides_dachat_pour_jeunes_conducteurs\" >Guides d\u2019achat pour jeunes conducteurs<\/a><\/li><\/ul><\/li><li class='ez-toc-page-1 ez-toc-heading-level-2'><a class=\"ez-toc-link ez-toc-heading-7\" href=\"https:\/\/automeeting.fr\/magazine\/marche-automobile-volumes-en-hausse-de-35\/#Credit_et_financement_des_dispositifs_au_service_de_lelectrification\" >Cr\u00e9dit et financement : des dispositifs au service de l\u2019\u00e9lectrification<\/a><ul class='ez-toc-list-level-3' ><li class='ez-toc-heading-level-3'><a class=\"ez-toc-link ez-toc-heading-8\" href=\"https:\/\/automeeting.fr\/magazine\/marche-automobile-volumes-en-hausse-de-35\/#Les_aides_a_lachat_et_leurs_conditions_dacces\" >Les aides \u00e0 l\u2019achat et leurs conditions d\u2019acc\u00e8s<\/a><\/li><li class='ez-toc-page-1 ez-toc-heading-level-3'><a class=\"ez-toc-link ez-toc-heading-9\" href=\"https:\/\/automeeting.fr\/magazine\/marche-automobile-volumes-en-hausse-de-35\/#Le_leasing_social_et_les_defis_du_financement\" >Le leasing social et les d\u00e9fis du financement<\/a><\/li><\/ul><\/li><li class='ez-toc-page-1 ez-toc-heading-level-2'><a class=\"ez-toc-link ez-toc-heading-10\" href=\"https:\/\/automeeting.fr\/magazine\/marche-automobile-volumes-en-hausse-de-35\/#Assurance_auto_entre_couverture_des_risques_et_optimisation_des_couts\" >Assurance auto : entre couverture des risques et optimisation des co\u00fbts<\/a><ul class='ez-toc-list-level-3' ><li class='ez-toc-heading-level-3'><a class=\"ez-toc-link ez-toc-heading-11\" href=\"https:\/\/automeeting.fr\/magazine\/marche-automobile-volumes-en-hausse-de-35\/#Les_enjeux_pour_les_jeunes_conducteurs\" >Les enjeux pour les jeunes conducteurs<\/a><\/li><li class='ez-toc-page-1 ez-toc-heading-level-3'><a class=\"ez-toc-link ez-toc-heading-12\" href=\"https:\/\/automeeting.fr\/magazine\/marche-automobile-volumes-en-hausse-de-35\/#Conseils_pour_optimiser_sa_prime\" >Conseils pour optimiser sa prime<\/a><\/li><\/ul><\/li><li class='ez-toc-page-1 ez-toc-heading-level-2'><a class=\"ez-toc-link ez-toc-heading-13\" href=\"https:\/\/automeeting.fr\/magazine\/marche-automobile-volumes-en-hausse-de-35\/#Donnees_de_marche_et_reglementation_eclairer_la_dynamique_du_secteur\" >Donn\u00e9es de march\u00e9 et r\u00e9glementation : \u00e9clairer la dynamique du secteur<\/a><ul class='ez-toc-list-level-3' ><li class='ez-toc-heading-level-3'><a class=\"ez-toc-link ez-toc-heading-14\" href=\"https:\/\/automeeting.fr\/magazine\/marche-automobile-volumes-en-hausse-de-35\/#Tendances_internationales_et_reformes_europeennes\" >Tendances internationales et r\u00e9formes europ\u00e9ennes<\/a><\/li><li class='ez-toc-page-1 ez-toc-heading-level-3'><a class=\"ez-toc-link ez-toc-heading-15\" href=\"https:\/\/automeeting.fr\/magazine\/marche-automobile-volumes-en-hausse-de-35\/#Impact_sur_la_valorisation_et_les_volumes_de_ventes\" >Impact sur la valorisation et les volumes de ventes<\/a><\/li><\/ul><\/li><li class='ez-toc-page-1 ez-toc-heading-level-2'><a class=\"ez-toc-link ez-toc-heading-16\" href=\"https:\/\/automeeting.fr\/magazine\/marche-automobile-volumes-en-hausse-de-35\/#Revente_et_opportunites_un_marche_en_pleine_evolution\" >Revente et opportunit\u00e9s : un march\u00e9 en pleine \u00e9volution<\/a><ul class='ez-toc-list-level-3' ><li class='ez-toc-heading-level-3'><a class=\"ez-toc-link ez-toc-heading-17\" href=\"https:\/\/automeeting.fr\/magazine\/marche-automobile-volumes-en-hausse-de-35\/#Valorisation_et_enjeux_de_limage_de_marque\" >Valorisation et enjeux de l\u2019image de marque<\/a><\/li><li class='ez-toc-page-1 ez-toc-heading-level-3'><a class=\"ez-toc-link ez-toc-heading-18\" href=\"https:\/\/automeeting.fr\/magazine\/marche-automobile-volumes-en-hausse-de-35\/#Les_segments_porteurs\" >Les segments porteurs<\/a><\/li><li class='ez-toc-page-1 ez-toc-heading-level-3'><a class=\"ez-toc-link ez-toc-heading-19\" href=\"https:\/\/automeeting.fr\/magazine\/marche-automobile-volumes-en-hausse-de-35\/#Innovations_disruptives_et_nouveaux_formats_de_mobilite\" >Innovations disruptives et nouveaux formats de mobilit\u00e9<\/a><\/li><\/ul><\/li><li class='ez-toc-page-1 ez-toc-heading-level-2'><a class=\"ez-toc-link ez-toc-heading-20\" href=\"https:\/\/automeeting.fr\/magazine\/marche-automobile-volumes-en-hausse-de-35\/#Conclusion\" >Conclusion<\/a><\/li><\/ul><\/nav><\/div>\n<h2><span class=\"ez-toc-section\" id=\"Achat_et_vente_de_voitures_entre_strategie_innovation_et_defis_internationaux\"><\/span>Achat et vente de voitures : entre strat\u00e9gie, innovation et d\u00e9fis internationaux<span class=\"ez-toc-section-end\"><\/span><\/h2>\n<p>Le secteur automobile se trouve \u00e0 la crois\u00e9e des chemins, aussi bien en termes de technologies innovantes que de strat\u00e9gies marketing et de r\u00e9ajustements r\u00e9glementaires. L\u2019actualit\u00e9 r\u00e9cente t\u00e9moigne d\u2019un march\u00e9 en pleine mutation, o\u00f9 les choix des constructeurs influencent la dynamique de l\u2019achat et de la vente, tant sur la sc\u00e8ne internationale qu\u2019en Europe. Dans ce contexte, la pr\u00e9sence ou l\u2019absence d\u2019un acteur majeur, la protection de la marque et l\u2019\u00e9mergence de nouvelles technologies se conjuguent pour red\u00e9finir les enjeux du secteur.<\/p>\n<h3><span class=\"ez-toc-section\" id=\"Choix_strategiques_et_presence_sur_les_salons_internationaux\"><\/span>Choix strat\u00e9giques et pr\u00e9sence sur les salons internationaux<span class=\"ez-toc-section-end\"><\/span><\/h3>\n<p>Un exemple embl\u00e9matique est le retrait de Tesla du Salon de l\u2019automobile de Shanghai, l\u2019un des \u00e9v\u00e9nements les plus importants en Chine. Ce choix, per\u00e7u par certains comme un aveu de faiblesse ou un manque de v\u00e9ritable innovation, s\u2019explique par l\u2019absence de nouveaut\u00e9s \u00e0 pr\u00e9senter face \u00e0 une concurrence locale agressive. Comme le souligne <a href=\"https:\/\/rouleur-electrique.fr\/voitures-electriques-en-chine-pourquoi-tesla-seloigne-du-plus-grand-salon-auto-alors-que-ses-rivaux-y-brillent\/\" target=\"_blank\" rel=\"noopener\">la source<\/a>, Tesla n\u2019avait \u00ab rien de nouveau \u00e0 montrer \u00bb, ce qui met en lumi\u00e8re la n\u00e9cessit\u00e9 pour les constructeurs d\u2019innover continuellement pour rester comp\u00e9titifs dans un march\u00e9 international ultra-dynamique.<\/p>\n<h3><span class=\"ez-toc-section\" id=\"Protection_de_la_marque_et_differends_juridiques\"><\/span>Protection de la marque et diff\u00e9rends juridiques<span class=\"ez-toc-section-end\"><\/span><\/h3>\n<p>Alors que la bataille sur l\u2019innovation se joue sur le plan technologique, un diff\u00e9rend juridique vient \u00e9galement influencer l\u2019image de marque. Renault a r\u00e9cemment obtenu gain de cause contre Oppo dans un litige portant sur l\u2019usage du nom \u00ab Reno \u00bb. La d\u00e9cision de l\u2019INPI r\u00e9affirme l\u2019importance d\u2019une identit\u00e9 de marque forte, essentielle dans la perception du public et dans la valorisation des v\u00e9hicules sur le march\u00e9 de l\u2019occasion. Plus de d\u00e9tails sur ce conflit sont disponibles <a href=\"https:\/\/www.tomsguide.fr\/renault-obtient-gain-de-cause-face-a-oppo-dans-une-bataille-de-marques-inattendue\/\" target=\"_blank\" rel=\"noopener\">ici<\/a>.<\/p>\n<h3><span class=\"ez-toc-section\" id=\"Innover_pour_repenser_la_mobilite\"><\/span>Innover pour repenser la mobilit\u00e9<span class=\"ez-toc-section-end\"><\/span><\/h3>\n<p>L\u2019innovation ne se limite pas aux ajustements de gamme ou aux diff\u00e9rends de marque. Un tournant majeur est en cours avec le lancement imminent de la premi\u00e8re voiture volante, l\u2019AirCar, d\u00e9velopp\u00e9e par Klein Vision. Capable de passer du mode routier au mode a\u00e9rien en moins de deux minutes, ce v\u00e9hicule repr\u00e9sente un d\u00e9fi technologique majeur et ouvre des perspectives in\u00e9dites en termes de mobilit\u00e9 individuelle. Pour d\u00e9couvrir cette innovation, consultez <a href=\"https:\/\/infos.rtl.lu\/photos-et-videos\/deja-demain\/a\/2303459.html\" target=\"_blank\" rel=\"noopener\">la source<\/a>.<\/p>\n<h3><span class=\"ez-toc-section\" id=\"Les_petites_voitures_au_coeur_du_debat_europeen\"><\/span>Les petites voitures au c\u0153ur du d\u00e9bat europ\u00e9en<span class=\"ez-toc-section-end\"><\/span><\/h3>\n<p>Dans une autre optique, des dirigeants tels que Luca de Meo et John Elkann plaident pour une simplification des normes appliqu\u00e9es aux petites voitures, notamment celles mesurant moins de 4 m\u00e8tres. Cette approche, relay\u00e9e \u00e9galement par Thierry Breton, met en avant l\u2019importance de r\u00e9adapter la r\u00e9glementation pour revitaliser le segment des citadines. Si cette mesure est mise en \u0153uvre, elle devrait stimuler la comp\u00e9titivit\u00e9 en r\u00e9duisant les co\u00fbts de production et en rendant les v\u00e9hicules plus abordables pour un large public. Pour en savoir plus, consultez <a href=\"https:\/\/chretiens.com\/quoi-de-neuf\/renault-les-petites-voitures\/2025\/05\/15\/11\/42\/\" target=\"_blank\" rel=\"noopener\">la source<\/a> ainsi que <a href=\"https:\/\/www.capital.fr\/auto\/renault-et-stellantis-trouvent-un-allie-de-poids-face-aux-normes-europeennes-1513847\" target=\"_blank\" rel=\"noopener\">la source<\/a>.<\/p>\n<h3><span class=\"ez-toc-section\" id=\"Guides_dachat_pour_jeunes_conducteurs\"><\/span>Guides d\u2019achat pour jeunes conducteurs<span class=\"ez-toc-section-end\"><\/span><\/h3>\n<p>Parall\u00e8lement \u00e0 ces \u00e9volutions strat\u00e9giques, plusieurs guides pratiques destin\u00e9s aux jeunes conducteurs ont vu le jour pour les aider \u00e0 faire des choix \u00e9clair\u00e9s. Qu\u2019il s\u2019agisse de v\u00e9hicules roadsters ou de voitures sportives accessibles, ces s\u00e9lections reposent sur trois crit\u00e8res essentiels :<\/p>\n<ul>\n<li><b>Le plaisir de conduire :<\/b> r\u00e9activit\u00e9, agilit\u00e9 et sensations procur\u00e9es lors des virages.<\/li>\n<li><b>L\u2019esth\u00e9tisme et l\u2019ergonomie :<\/b> un design int\u00e9rieur et ext\u00e9rieur soign\u00e9.<\/li>\n<li><b>L\u2019accessibilit\u00e9 financi\u00e8re :<\/b> compromis entre performance et co\u00fbts d\u2019acquisition ou d\u2019entretien.<\/li>\n<\/ul>\n<p>Ces guides proposent notamment des mod\u00e8les comme la Mazda MX-5, le Porsche 718 Boxster ou encore le BMW Z4, \u00e9tablissant ainsi une r\u00e9f\u00e9rence pour les jeunes permis. Pour approfondir ce point, consultez les articles sur <a href=\"https:\/\/blog.vivacar.fr\/voitures-roadster\/\" target=\"_blank\" rel=\"noopener\">la source<\/a> et <a href=\"https:\/\/blog.vivacar.fr\/voiture-sportive-jeune-permis\/\" target=\"_blank\" rel=\"noopener\">la source<\/a>.<\/p>\n<h2><span class=\"ez-toc-section\" id=\"Credit_et_financement_des_dispositifs_au_service_de_lelectrification\"><\/span>Cr\u00e9dit et financement : des dispositifs au service de l\u2019\u00e9lectrification<span class=\"ez-toc-section-end\"><\/span><\/h2>\n<p>La transition vers une mobilit\u00e9 plus durable s\u2019accompagne aujourd\u2019hui d\u2019un remaniement des m\u00e9canismes de financement, indispensable pour rendre l\u2019achat d\u2019un v\u00e9hicule accessible, notamment dans le secteur des v\u00e9hicules \u00e9lectriques. Les dispositifs, tels que le bonus \u00e9cologique et le leasing social, permettent de r\u00e9duire le co\u00fbt d\u2019achat tout en s\u2019inscrivant dans une d\u00e9marche de r\u00e9duction de l\u2019empreinte carbone.<\/p>\n<h3><span class=\"ez-toc-section\" id=\"Les_aides_a_lachat_et_leurs_conditions_dacces\"><\/span>Les aides \u00e0 l\u2019achat et leurs conditions d\u2019acc\u00e8s<span class=\"ez-toc-section-end\"><\/span><\/h3>\n<p>En 2025, le bonus \u00e9cologique, conditionn\u00e9 \u00e0 une \u00e9valuation stricte du score environnemental du v\u00e9hicule, est principalement destin\u00e9 aux m\u00e9nages modestes. Par exemple, le bonus est r\u00e9parti de la mani\u00e8re suivante :<\/p>\n<ul>\n<li><b>4 000 \u20ac<\/b> pour les foyers dont le revenu fiscal de r\u00e9f\u00e9rence (RFR) par part est inf\u00e9rieur ou \u00e9gal \u00e0 14 089 \u20ac;<\/li>\n<li><b>3 000 \u20ac<\/b> pour les revenus interm\u00e9diaires;<\/li>\n<li><b>2 000 \u20ac<\/b> pour les autres foyers.<\/li>\n<\/ul>\n<p>Ces mesures, renforc\u00e9es par des subventions locales dans des m\u00e9tropoles telles que le Grand Paris, Lyon ou Marseille, rendent l\u2019acquisition d\u2019un v\u00e9hicule \u00e9lectrique plus accessible, m\u00eame dans un contexte r\u00e9glementaire en constante \u00e9volution. Pour plus d\u2019informations sur ces dispositifs, veuillez consulter <a href=\"https:\/\/www.masculin.com\/automobile\/821831-bonus-leasing-aides-locales-ce-quil-faut-savoir-sur-les-aides-a-lachat-dune-voiture-electrique-en-2025\/\" target=\"_blank\" rel=\"noopener\">la source<\/a>.<\/p>\n<h3><span class=\"ez-toc-section\" id=\"Le_leasing_social_et_les_defis_du_financement\"><\/span>Le leasing social et les d\u00e9fis du financement<span class=\"ez-toc-section-end\"><\/span><\/h3>\n<p>Initialement lanc\u00e9 avec des mensualit\u00e9s aussi basses que 100 \u20ac, le leasing social a connu un succ\u00e8s rapide avec plus de 50 000 contrats sign\u00e9s en quelques semaines. Toutefois, l\u2019\u00e9puisement du budget allou\u00e9 \u00e0 ce dispositif a conduit \u00e0 sa suspension temporaire. Une relance est envisag\u00e9e pour le second semestre 2025, avec des modalit\u00e9s ajust\u00e9es afin de mieux cibler les m\u00e9nages en situation de pr\u00e9carit\u00e9 \u00e9nerg\u00e9tique. Ces ajustements illustrent la volont\u00e9 des pouvoirs publics d\u2019adapter les solutions de financement aux besoins d\u2019un march\u00e9 en pleine mutation, notamment dans le secteur de la mobilit\u00e9 \u00e9lectrique.<\/p>\n<h2><span class=\"ez-toc-section\" id=\"Assurance_auto_entre_couverture_des_risques_et_optimisation_des_couts\"><\/span>Assurance auto : entre couverture des risques et optimisation des co\u00fbts<span class=\"ez-toc-section-end\"><\/span><\/h2>\n<p>Le co\u00fbt de l\u2019assurance auto constitue un param\u00e8tre d\u00e9terminant dans le choix d\u2019un v\u00e9hicule, en particulier pour les jeunes conducteurs. Les primes \u00e9lev\u00e9es, souvent li\u00e9es aux risques per\u00e7us en cas de vol ou d\u2019accident, incitent de nombreux acheteurs \u00e0 r\u00e9fl\u00e9chir minutieusement \u00e0 la couverture offerte et aux moyens d\u2019optimiser ces co\u00fbts.<\/p>\n<h3><span class=\"ez-toc-section\" id=\"Les_enjeux_pour_les_jeunes_conducteurs\"><\/span>Les enjeux pour les jeunes conducteurs<span class=\"ez-toc-section-end\"><\/span><\/h3>\n<p>Les nouveaux titulaires de permis se heurtent fr\u00e9quemment \u00e0 la difficult\u00e9 de trouver un compromis entre un v\u00e9hicule sportif, garant du plaisir de conduire, et des co\u00fbts d\u2019assurance ma\u00eetris\u00e9s. Ainsi, certains guides recommandent de privil\u00e9gier des mod\u00e8les \u00e0 motorisation mod\u00e9r\u00e9e pour limiter l\u2019impact sur la prime. Des mod\u00e8les tels que la Clio V RS, la 208 GT, la Yaris Sport, la Mazda MX-5 ou la Mini Cooper S sont r\u00e9guli\u00e8rement cit\u00e9s pour leur \u00e9quilibre entre performance et co\u00fbt d\u2019assurance. Pour de plus amples informations, consultez <a href=\"https:\/\/blog.vivacar.fr\/voiture-sportive-jeune-permis\/\" target=\"_blank\" rel=\"noopener\">la source<\/a>.<\/p>\n<h3><span class=\"ez-toc-section\" id=\"Conseils_pour_optimiser_sa_prime\"><\/span>Conseils pour optimiser sa prime<span class=\"ez-toc-section-end\"><\/span><\/h3>\n<p>Outre le choix du v\u00e9hicule, plusieurs strat\u00e9gies permettent aux conducteurs d\u2019optimiser le montant de leur prime :<\/p>\n<ul>\n<li><b>Opter pour un v\u00e9hicule \u00e0 faible puissance fiscale<\/b>, un crit\u00e8re d\u00e9terminant dans la fixation de la prime.<\/li>\n<li><b>Investir dans des dispositifs de s\u00e9curit\u00e9 renforc\u00e9s<\/b>, largement valoris\u00e9s par les assureurs.<\/li>\n<li><b>Comparer les offres<\/b> afin de s\u00e9lectionner une couverture adapt\u00e9e \u00e0 son profil.<\/li>\n<\/ul>\n<p>Ces conseils, associ\u00e9s \u00e0 une vigilance accrue face aux risques \u2013 notamment suite \u00e0 des cas tels que le vol organis\u00e9 dans le sud de l\u2019Oise (<a href=\"https:\/\/www.oisehebdo.fr\/2025\/05\/15\/sud-oise-gang-vol-quinzaine-voitures-un-mois\/\" target=\"_blank\" rel=\"noopener\">la source<\/a>) \u2013 permettent aux conducteurs de s\u00e9curiser leur investissement tout en ma\u00eetrisant leur budget.<\/p>\n<h2><span class=\"ez-toc-section\" id=\"Donnees_de_marche_et_reglementation_eclairer_la_dynamique_du_secteur\"><\/span>Donn\u00e9es de march\u00e9 et r\u00e9glementation : \u00e9clairer la dynamique du secteur<span class=\"ez-toc-section-end\"><\/span><\/h2>\n<p>Les indicateurs du march\u00e9 automobile, tels que les chiffres d\u2019immatriculation, les fluctuations des prix et l\u2019\u00e9volution des normes, offrent une vision globale de la situation du secteur. Ces donn\u00e9es, directement influenc\u00e9es par les politiques publiques et les innovations technologiques, permettent de mieux comprendre les enjeux de production et de revente.<\/p>\n<h3><span class=\"ez-toc-section\" id=\"Tendances_internationales_et_reformes_europeennes\"><\/span>Tendances internationales et r\u00e9formes europ\u00e9ennes<span class=\"ez-toc-section-end\"><\/span><\/h3>\n<p>La dynamique observ\u00e9e en Chine, marqu\u00e9e par des innovations locales et le retrait strat\u00e9gique de Tesla, contraste avec les d\u00e9bats en cours en Europe sur la simplification des normes. Des dirigeants comme Luca de Meo et John Elkann plaident pour des r\u00e9glementations diff\u00e9renci\u00e9es, adapt\u00e9es aux sp\u00e9cificit\u00e9s des petites voitures. Dans cette optique, l\u2019id\u00e9e d\u2019une l\u00e9gislation distincte pour les v\u00e9hicules de moins de 4 m\u00e8tres pourrait contribuer \u00e0 r\u00e9duire les co\u00fbts de fabrication et renforcer la comp\u00e9titivit\u00e9 des constructeurs europ\u00e9ens. Pour approfondir le sujet, consultez <a href=\"https:\/\/chretiens.com\/quoi-de-neuf\/renault-les-petites-voitures\/2025\/05\/15\/11\/42\/\" target=\"_blank\" rel=\"noopener\">la source<\/a> ainsi que <a href=\"https:\/\/www.capital.fr\/auto\/renault-et-stellantis-trouvent-un-allie-de-poids-face-aux-normes-europeennes-1513847\" target=\"_blank\" rel=\"noopener\">la source<\/a>.<\/p>\n<h3><span class=\"ez-toc-section\" id=\"Impact_sur_la_valorisation_et_les_volumes_de_ventes\"><\/span>Impact sur la valorisation et les volumes de ventes<span class=\"ez-toc-section-end\"><\/span><\/h3>\n<p>Des ajustements r\u00e9cents, tels que la baisse de prix observ\u00e9e pour le Model Y \u00ab\u00a0Juniper\u00a0\u00bb de Tesla et la r\u00e9vision des aides publiques, influencent directement les chiffres d\u2019immatriculation. Ces mesures ne concernent pas uniquement le neuf, mais affectent aussi le march\u00e9 de l\u2019occasion. En effet, une offre de financement attractive et une valorisation solide de l\u2019image de marque permettent de conserver une valeur r\u00e9siduelle \u00e9lev\u00e9e. L\u2019ensemble de ces signaux fournit une lecture complexe mais essentielle des tendances qui animent le secteur automobile.<\/p>\n<h2><span class=\"ez-toc-section\" id=\"Revente_et_opportunites_un_marche_en_pleine_evolution\"><\/span>Revente et opportunit\u00e9s : un march\u00e9 en pleine \u00e9volution<span class=\"ez-toc-section-end\"><\/span><\/h2>\n<p>Alors que les constructeurs ajustent leurs strat\u00e9gies pour r\u00e9pondre aux nouvelles contraintes r\u00e9glementaires et aux \u00e9volutions de la demande, le march\u00e9 de la revente se positionne comme un indicateur de la solidit\u00e9 d\u2019une marque et de l\u2019adaptabilit\u00e9 de ses mod\u00e8les. Ce segment offre des opportunit\u00e9s int\u00e9ressantes pour les particuliers, ainsi que pour les professionnels, tout en refl\u00e9tant la sant\u00e9 globale du secteur.<\/p>\n<h3><span class=\"ez-toc-section\" id=\"Valorisation_et_enjeux_de_limage_de_marque\"><\/span>Valorisation et enjeux de l\u2019image de marque<span class=\"ez-toc-section-end\"><\/span><\/h3>\n<p>La r\u00e9cente victoire de Renault dans son diff\u00e9rend avec Oppo illustre l\u2019importance de la protection de l\u2019identit\u00e9 de marque pour maintenir la valeur des v\u00e9hicules d\u2019occasion. Une image forte rassure les acheteurs, qu\u2019ils soient particuliers ou professionnels, et contribue \u00e0 une revente \u00e0 des prix comp\u00e9titifs. Par ailleurs, le repositionnement des petites voitures suite \u00e0 la simplification des normes pourrait renforcer la valorisation des mod\u00e8les sur le march\u00e9 secondaire.<\/p>\n<h3><span class=\"ez-toc-section\" id=\"Les_segments_porteurs\"><\/span>Les segments porteurs<span class=\"ez-toc-section-end\"><\/span><\/h3>\n<p>Les opportunit\u00e9s se dessinent \u00e9galement autour des voitures sportives et roadsters, qui continuent de susciter l\u2019int\u00e9r\u00eat malgr\u00e9 la mont\u00e9e en puissance de l\u2019\u00e9lectrification et des SUV. Des mod\u00e8les embl\u00e9matiques comme la Mazda MX-5 ou le Porsche Boxster attirent aussi bien les amateurs de sensations fortes que les collectionneurs. Pour plus de pr\u00e9cisions sur ces s\u00e9lections, reportez-vous aux guides \u00e9dit\u00e9s sur <a href=\"https:\/\/blog.vivacar.fr\/voitures-roadster\/\" target=\"_blank\" rel=\"noopener\">la source<\/a> et <a href=\"https:\/\/blog.vivacar.fr\/voiture-sportive-jeune-permis\/\" target=\"_blank\" rel=\"noopener\">la source<\/a>.<\/p>\n<h3><span class=\"ez-toc-section\" id=\"Innovations_disruptives_et_nouveaux_formats_de_mobilite\"><\/span>Innovations disruptives et nouveaux formats de mobilit\u00e9<span class=\"ez-toc-section-end\"><\/span><\/h3>\n<p>L\u2019enthousiasme suscit\u00e9 par le lancement prochain de l\u2019AirCar, la premi\u00e8re voiture volante d\u00e9velopp\u00e9e par Klein Vision, annonce l\u2019\u00e9mergence d\u2019un nouveau segment au sein du march\u00e9 de la mobilit\u00e9. Cette innovation, qui brouille la fronti\u00e8re entre conduite routi\u00e8re et navigation a\u00e9rienne, pourrait avoir des r\u00e9percussions sur le march\u00e9 de la revente. D\u00e8s lors que les dispositifs r\u00e9glementaires s\u2019adapteront aux nouveaux usages des v\u00e9hicules hybrides, des opportunit\u00e9s de valorisation et de plus-value appara\u00eetront pour les investisseurs et passionn\u00e9s d\u2019automobile.<\/p>\n<h2><span class=\"ez-toc-section\" id=\"Conclusion\"><\/span>Conclusion<span class=\"ez-toc-section-end\"><\/span><\/h2>\n<p>Le march\u00e9 automobile de 2025 se caract\u00e9rise par une pluralit\u00e9 de d\u00e9fis et d\u2019opportunit\u00e9s. Qu\u2019il s\u2019agisse de l\u2019\u00e9volution des strat\u00e9gies d\u2019achat et de vente, des dispositifs de financement d\u00e9di\u00e9s aux v\u00e9hicules \u00e9lectriques, des enjeux relatifs \u00e0 l\u2019assurance ou encore des indicateurs de march\u00e9 qui orientent les d\u00e9cisions d\u2019investissement, l\u2019ensemble du secteur est en pleine transformation. La comp\u00e9tition internationale, les ajustements r\u00e9glementaires et l\u2019\u00e9mergence d\u2019innovations disruptives, telle que la premi\u00e8re voiture volante, red\u00e9finissent les contours d\u2019une industrie en perp\u00e9tuel mouvement.<\/p>\n<p>Pour r\u00e9sumer, les principaux enseignements \u00e0 retenir sont :<\/p>\n<ul>\n<li><b>La strat\u00e9gie internationale :<\/b> Le retrait de Tesla du Salon de Shanghai souligne la n\u00e9cessit\u00e9 pour les constructeurs de renouveler constamment leurs offres face \u00e0 la concurrence locale (<a href=\"https:\/\/rouleur-electrique.fr\/voitures-electriques-en-chine-pourquoi-tesla-seloigne-du-plus-grand-salon-auto-alors-que-ses-rivaux-y-brillent\/\" target=\"_blank\" rel=\"noopener\">source<\/a>).<\/li>\n<li><b>La protection de l\u2019identit\u00e9 de marque :<\/b> La victoire de Renault contre Oppo d\u00e9montre l\u2019importance d\u2019une image forte pour pr\u00e9server la valeur des v\u00e9hicules d\u2019occasion (<a href=\"https:\/\/www.tomsguide.fr\/renault-obtient-gain-de-cause-face-a-oppo-dans-une-bataille-de-marques-inattendue\/\" target=\"_blank\" rel=\"noopener\">source<\/a>).<\/li>\n<li><b>L\u2019adaptation r\u00e9glementaire :<\/b> La simplification des normes pour les petites voitures europ\u00e9ennes, d\u00e9fendue par des figures telles que Luca de Meo et John Elkann, pourrait relancer l\u2019activit\u00e9 sur le march\u00e9 du neuf et de l\u2019occasion (<a href=\"https:\/\/chretiens.com\/quoi-de-neuf\/renault-les-petites-voitures\/2025\/05\/15\/11\/42\/\" target=\"_blank\" rel=\"noopener\">source<\/a> et <a href=\"https:\/\/www.capital.fr\/auto\/renault-et-stellantis-trouvent-un-allie-de-poids-face-aux-normes-europeennes-1513847\" target=\"_blank\" rel=\"noopener\">source<\/a>).<\/li>\n<li><b>Les dispositifs de financement :<\/b> Le bonus \u00e9cologique et le leasing social facilitent l\u2019accessibilit\u00e9 des v\u00e9hicules \u00e9lectriques (<a href=\"https:\/\/www.masculin.com\/automobile\/821831-bonus-leasing-aides-locales-ce-quil-faut-savoir-sur-les-aides-a-lachat-dune-voiture-electrique-en-2025\/\" target=\"_blank\" rel=\"noopener\">source<\/a>).<\/li>\n<li><b>L\u2019optimisation de l\u2019assurance :<\/b> Les jeunes conducteurs doivent concilier plaisir de conduite et ma\u00eetrise des co\u00fbts d\u2019assurance gr\u00e2ce \u00e0 des choix \u00e9clair\u00e9s (<a href=\"https:\/\/blog.vivacar.fr\/voiture-sportive-jeune-permis\/\" target=\"_blank\" rel=\"noopener\">source<\/a>).<\/li>\n<li><b>Les opportunit\u00e9s sur le march\u00e9 de la revente :<\/b> Les ajustements de prix et l\u2019\u00e9volution des mod\u00e8les, en particulier les voitures sportives et roadsters, offrent des perspectives int\u00e9ressantes pour les investisseurs (<a href=\"https:\/\/blog.vivacar.fr\/voitures-roadster\/\" target=\"_blank\" rel=\"noopener\">source<\/a>).<\/li>\n<li><b>L\u2019\u00e9mergence de la mobilit\u00e9 disruptive :<\/b> Le lancement prochain de l\u2019AirCar marque l\u2019arriv\u00e9e d\u2019un nouveau segment qui pourrait transformer le paysage de la mobilit\u00e9 (<a href=\"https:\/\/infos.rtl.lu\/photos-et-videos\/deja-demain\/a\/2303459.html\" target=\"_blank\" rel=\"noopener\">source<\/a>).<\/li>\n<\/ul>\n<p>En d\u00e9finitive, qu\u2019il s\u2019agisse d\u2019un particulier d\u00e9sireux de faire le bon choix lors de l\u2019achat de son v\u00e9hicule, d\u2019un jeune conducteur recherchant l\u2019\u00e9quilibre entre sportivit\u00e9 et co\u00fbts ma\u00eetris\u00e9s ou d\u2019un professionnel surveillant les \u00e9volutions du march\u00e9, il appara\u00eet indispensable de rester inform\u00e9 des mutations qui traversent le secteur automobile. La veille attentive sur ces diff\u00e9rents aspects demeure la cl\u00e9 pour anticiper les \u00e9volutions et mieux comprendre les enjeux d\u2019un march\u00e9 en constante mutation.<\/p>\n<\/article>\n","protected":false},"excerpt":{"rendered":"<p>Achat et vente de voitures : entre strat\u00e9gie, innovation et d\u00e9fis internationaux Le secteur automobile se trouve \u00e0 la crois\u00e9e des chemins, aussi bien en termes de technologies innovantes que de strat\u00e9gies marketing et de r\u00e9ajustements r\u00e9glementaires. L\u2019actualit\u00e9 r\u00e9cente t\u00e9moigne d\u2019un march\u00e9 en pleine mutation, o\u00f9 les choix des constructeurs influencent la dynamique de l\u2019achat&hellip;&nbsp;<a href=\"https:\/\/automeeting.fr\/magazine\/marche-automobile-volumes-en-hausse-de-35\/\" class=\"\" rel=\"bookmark\">Lire la suite &raquo;<span class=\"screen-reader-text\">March\u00e9 automobile : volumes en hausse de 3,5 %<\/span><\/a><\/p>\n","protected":false},"author":1,"featured_media":0,"comment_status":"","ping_status":"","sticky":false,"template":"","format":"standard","meta":{"_lmt_disableupdate":"","_lmt_disable":"","neve_meta_sidebar":"","neve_meta_container":"","neve_meta_enable_content_width":"","neve_meta_content_width":0,"neve_meta_title_alignment":"","neve_meta_author_avatar":"","neve_post_elements_order":"","neve_meta_disable_header":"","neve_meta_disable_footer":"","neve_meta_disable_title":"","footnotes":""},"categories":[1],"tags":[],"class_list":["post-1295","post","type-post","status-publish","format-standard","hentry","category-non-classe"],"modified_by":null,"_links":{"self":[{"href":"https:\/\/automeeting.fr\/magazine\/wp-json\/wp\/v2\/posts\/1295","targetHints":{"allow":["GET"]}}],"collection":[{"href":"https:\/\/automeeting.fr\/magazine\/wp-json\/wp\/v2\/posts"}],"about":[{"href":"https:\/\/automeeting.fr\/magazine\/wp-json\/wp\/v2\/types\/post"}],"author":[{"embeddable":true,"href":"https:\/\/automeeting.fr\/magazine\/wp-json\/wp\/v2\/users\/1"}],"replies":[{"embeddable":true,"href":"https:\/\/automeeting.fr\/magazine\/wp-json\/wp\/v2\/comments?post=1295"}],"version-history":[{"count":0,"href":"https:\/\/automeeting.fr\/magazine\/wp-json\/wp\/v2\/posts\/1295\/revisions"}],"wp:attachment":[{"href":"https:\/\/automeeting.fr\/magazine\/wp-json\/wp\/v2\/media?parent=1295"}],"wp:term":[{"taxonomy":"category","embeddable":true,"href":"https:\/\/automeeting.fr\/magazine\/wp-json\/wp\/v2\/categories?post=1295"},{"taxonomy":"post_tag","embeddable":true,"href":"https:\/\/automeeting.fr\/magazine\/wp-json\/wp\/v2\/tags?post=1295"}],"curies":[{"name":"wp","href":"https:\/\/api.w.org\/{rel}","templated":true}]}}