{"id":1108,"date":"2023-10-30T16:59:43","date_gmt":"2023-10-30T15:59:43","guid":{"rendered":"https:\/\/automeeting.fr\/magazine\/?p=1108"},"modified":"2023-10-30T17:00:12","modified_gmt":"2023-10-30T16:00:12","slug":"la-marque-citroen-en-trois-voitures-mythiques","status":"publish","type":"post","link":"https:\/\/automeeting.fr\/magazine\/la-marque-citroen-en-trois-voitures-mythiques\/","title":{"rendered":"La marque Citro\u00ebn en trois voitures mythiques"},"content":{"rendered":"<p>\n    Citro\u00ebn, une marque embl\u00e9matique dans l&rsquo;univers automobile fran\u00e7ais, a su marquer les esprits \u00e0 travers des mod\u00e8les de<br \/>\n    voitures qui ont travers\u00e9 les \u00e9poques avec \u00e9l\u00e9gance et innovation. En \u00e9voquant la Citro\u00ebn DS d&rsquo;occasion ou la l\u00e9gendaire 2<br \/>\n    CV, on plonge dans un univers o\u00f9 le design et la technicit\u00e9 se rencontrent pour cr\u00e9er des v\u00e9hicules d&rsquo;exception. Dans cet<br \/>\n    article, nous explorerons trois mod\u00e8les phares qui ont fa\u00e7onn\u00e9 l&rsquo;image de cette marque prestigieuse.\n<\/p>\n<div id=\"ez-toc-container\" class=\"ez-toc-v2_0_74 counter-hierarchy ez-toc-counter ez-toc-grey ez-toc-container-direction\">\n<p class=\"ez-toc-title\" style=\"cursor:inherit\">Sommaire<\/p>\n<label for=\"ez-toc-cssicon-toggle-item-69f099166f7d5\" class=\"ez-toc-cssicon-toggle-label\"><span class=\"ez-toc-cssicon\"><span class=\"eztoc-hide\" style=\"display:none;\">Toggle<\/span><span class=\"ez-toc-icon-toggle-span\"><svg style=\"fill: #999;color:#999\" xmlns=\"http:\/\/www.w3.org\/2000\/svg\" class=\"list-377408\" width=\"20px\" height=\"20px\" viewBox=\"0 0 24 24\" fill=\"none\"><path d=\"M6 6H4v2h2V6zm14 0H8v2h12V6zM4 11h2v2H4v-2zm16 0H8v2h12v-2zM4 16h2v2H4v-2zm16 0H8v2h12v-2z\" fill=\"currentColor\"><\/path><\/svg><svg style=\"fill: #999;color:#999\" class=\"arrow-unsorted-368013\" xmlns=\"http:\/\/www.w3.org\/2000\/svg\" width=\"10px\" height=\"10px\" viewBox=\"0 0 24 24\" version=\"1.2\" baseProfile=\"tiny\"><path d=\"M18.2 9.3l-6.2-6.3-6.2 6.3c-.2.2-.3.4-.3.7s.1.5.3.7c.2.2.4.3.7.3h11c.3 0 .5-.1.7-.3.2-.2.3-.5.3-.7s-.1-.5-.3-.7zM5.8 14.7l6.2 6.3 6.2-6.3c.2-.2.3-.5.3-.7s-.1-.5-.3-.7c-.2-.2-.4-.3-.7-.3h-11c-.3 0-.5.1-.7.3-.2.2-.3.5-.3.7s.1.5.3.7z\"\/><\/svg><\/span><\/span><\/label><input type=\"checkbox\"  id=\"ez-toc-cssicon-toggle-item-69f099166f7d5\"  aria-label=\"Toggle\" \/><nav><ul class='ez-toc-list ez-toc-list-level-1 ' ><li class='ez-toc-page-1 ez-toc-heading-level-2'><a class=\"ez-toc-link ez-toc-heading-1\" href=\"https:\/\/automeeting.fr\/magazine\/la-marque-citroen-en-trois-voitures-mythiques\/#La_Citroen_DS_une_icone_des_voitures_francaises\" >La Citro\u00ebn DS, une ic\u00f4ne des voitures fran\u00e7aises<\/a><\/li><li class='ez-toc-page-1 ez-toc-heading-level-2'><a class=\"ez-toc-link ez-toc-heading-2\" href=\"https:\/\/automeeting.fr\/magazine\/la-marque-citroen-en-trois-voitures-mythiques\/#Lemblematique_Citroen_Traction_avant\" >L&#8217;embl\u00e9matique Citro\u00ebn Traction avant<\/a><\/li><li class='ez-toc-page-1 ez-toc-heading-level-2'><a class=\"ez-toc-link ez-toc-heading-3\" href=\"https:\/\/automeeting.fr\/magazine\/la-marque-citroen-en-trois-voitures-mythiques\/#Comment_ne_pas_parler_de_la_2_CV\" >Comment ne pas parler de la 2 CV ?<\/a><\/li><li class='ez-toc-page-1 ez-toc-heading-level-2'><a class=\"ez-toc-link ez-toc-heading-4\" href=\"https:\/\/automeeting.fr\/magazine\/la-marque-citroen-en-trois-voitures-mythiques\/#Conclusion\" >Conclusion<\/a><\/li><\/ul><\/nav><\/div>\n<h2><span class=\"ez-toc-section\" id=\"La_Citroen_DS_une_icone_des_voitures_francaises\"><\/span>La Citro\u00ebn DS, une ic\u00f4ne des voitures fran\u00e7aises<span class=\"ez-toc-section-end\"><\/span><\/h2>\n<p>\n    D\u00e8s son d\u00e9voilement en 1955, <a href=\"https:\/\/www.mensup.fr\/auto\/citroen-ds-icone-design-toujours-appreciee-757159\" rel=\"noopener noreferrer\" target=\"_blank\">le v\u00e9hicule Citro\u00ebn<br \/>\n    DS<\/a> a non seulement r\u00e9volutionn\u00e9 le design automobile avec ses lignes futuristes et son confort in\u00e9gal\u00e9, mais a \u00e9galement<br \/>\n    introduit une s\u00e9rie d&rsquo;innovations techniques qui ont \u00e9tabli de nouvelles normes dans l&rsquo;industrie. Sa suspension<br \/>\n    hydropneumatique, son style audacieux et son luxe discret ont fait de la DS un symbole du savoir-faire et de l&rsquo;\u00e9l\u00e9gance<br \/>\n    fran\u00e7aise. Les mod\u00e8les de <a href=\"https:\/\/automeeting.fr\/magazine\/les-secrets-pour-reussir-a-negocier-le-prix-dune-voiture-doccasion\/\">Citro\u00ebn DS d&rsquo;occasion<\/a> sont aujourd&rsquo;hui des pi\u00e8ces de<br \/>\n    collection pris\u00e9es, refl\u00e9tant <strong>un int\u00e9r\u00eat constant pour ce v\u00e9hicule iconique qui a marqu\u00e9 son \u00e9poque<\/strong> et<br \/>\n    au-del\u00e0.\n<\/p>\n<h2><span class=\"ez-toc-section\" id=\"Lemblematique_Citroen_Traction_avant\"><\/span>L&#8217;embl\u00e9matique Citro\u00ebn Traction avant<span class=\"ez-toc-section-end\"><\/span><\/h2>\n<p>\n    La Citro\u00ebn Traction Avant, v\u00e9ritable prouesse technique de son temps, a non seulement boulevers\u00e9 les codes avec son<br \/>\n    architecture innovante, mais a \u00e9galement transform\u00e9 la conduite en une exp\u00e9rience in\u00e9dite. Lanc\u00e9e dans les ann\u00e9es 1930, elle<br \/>\n    a introduit plusieurs innovations, notamment la traction avant et la carrosserie monocoque, qui ont \u00e9t\u00e9 largement adopt\u00e9es par<br \/>\n    l&rsquo;industrie dans les d\u00e9cennies suivantes. Sa conception robuste et sa performance fiable ont fait de la Traction avant un choix<br \/>\n    populaire parmi une vari\u00e9t\u00e9 de conducteurs, et son h\u00e9ritage se perp\u00e9tue dans l&rsquo;<strong>admiration qu&rsquo;elle suscite encore<br \/>\n    aujourd&rsquo;hui<\/strong>.\n<\/p>\n<p><img decoding=\"async\" src=\"https:\/\/automeeting.fr\/magazine\/wp-content\/uploads\/mythiques-voitures-citroen-marque-300x200.jpg\" alt=\"2cv citro\u00ebn\" width=\"100%\" height=\"300\" class=\"alignnone size-medium wp-image-1110\" srcset=\"https:\/\/automeeting.fr\/magazine\/wp-content\/uploads\/mythiques-voitures-citroen-marque-300x200.jpg 300w, https:\/\/automeeting.fr\/magazine\/wp-content\/uploads\/mythiques-voitures-citroen-marque-768x512.jpg 768w, https:\/\/automeeting.fr\/magazine\/wp-content\/uploads\/mythiques-voitures-citroen-marque-930x620.jpg 930w, https:\/\/automeeting.fr\/magazine\/wp-content\/uploads\/mythiques-voitures-citroen-marque.jpg 1024w\" sizes=\"(max-width: 300px) 100vw, 300px\" \/><\/p>\n<h2><span class=\"ez-toc-section\" id=\"Comment_ne_pas_parler_de_la_2_CV\"><\/span>Comment ne pas parler de la 2 CV ?<span class=\"ez-toc-section-end\"><\/span><\/h2>\n<p>\n    La 2 CV, souvent surnomm\u00e9e \u00ab\u00a0la Deuche\u00a0\u00bb, est plus qu&rsquo;une voiture : c&rsquo;est un symbole de la culture fran\u00e7aise. Con\u00e7ue pour \u00eatre<br \/>\n    abordable et robuste, elle a d\u00e9mocratis\u00e9 l&rsquo;automobile dans la France de l&rsquo;apr\u00e8s-guerre, permettant \u00e0 des g\u00e9n\u00e9rations de<br \/>\n    familles, d&rsquo;amis et d&rsquo;aventuriers de prendre la route. Son design simple, sa m\u00e9canique fiable et son charme ind\u00e9niable ont fait<br \/>\n    de la 2 CV un v\u00e9hicule aim\u00e9 non seulement en France, mais dans le monde entier. Bien qu&rsquo;elle ait \u00e9t\u00e9 produite en masse, chaque<br \/>\n    2 CV semble <strong>avoir sa propre personnalit\u00e9 et ses propres histoires \u00e0 raconter<\/strong>, ce qui contribue \u00e0 son charme<br \/>\n    intemporel et \u00e0 son attrait universel.\n<\/p>\n<h2><span class=\"ez-toc-section\" id=\"Conclusion\"><\/span>Conclusion<span class=\"ez-toc-section-end\"><\/span><\/h2>\n<p>\n    Citro\u00ebn, \u00e0 travers ces trois mod\u00e8les l\u00e9gendaires, a non seulement fa\u00e7onn\u00e9 l&rsquo;industrie automobile, mais a \u00e9galement cr\u00e9\u00e9<br \/>\n    un h\u00e9ritage culturel et technique qui r\u00e9sonne encore aujourd&rsquo;hui. Que ce soit \u00e0 travers la recherche d&rsquo;une <strong>Citro\u00ebn DS<br \/>\n    d&rsquo;occasion<\/strong> ou la restauration d&rsquo;une 2 CV, les amateurs continuent de c\u00e9l\u00e9brer et de pr\u00e9server l&rsquo;esprit innovant et<br \/>\n    l&rsquo;\u00e9l\u00e9gance intemporelle de ces v\u00e9hicules. Le Groupe Chopard, en tant que distributeur majeur des marques du Groupe Stellantis,<br \/>\n    dont Citro\u00ebn, perp\u00e9tue cet h\u00e9ritage en assurant la distribution de ces ic\u00f4nes automobiles dans l&rsquo;Est et le Sud-Est de la<br \/>\n    France, contribuant ainsi \u00e0 maintenir vivante la flamme de ces l\u00e9gendes sur roues.<\/p>\n","protected":false},"excerpt":{"rendered":"<p>Citro\u00ebn, une marque embl\u00e9matique dans l&rsquo;univers automobile fran\u00e7ais, a su marquer les esprits \u00e0 travers des mod\u00e8les de voitures qui ont travers\u00e9 les \u00e9poques avec \u00e9l\u00e9gance et innovation. En \u00e9voquant la Citro\u00ebn DS d&rsquo;occasion ou la l\u00e9gendaire 2 CV, on plonge dans un univers o\u00f9 le design et la technicit\u00e9 se rencontrent pour cr\u00e9er des&hellip;&nbsp;<a href=\"https:\/\/automeeting.fr\/magazine\/la-marque-citroen-en-trois-voitures-mythiques\/\" class=\"\" rel=\"bookmark\">Lire la suite &raquo;<span class=\"screen-reader-text\">La marque Citro\u00ebn en trois voitures mythiques<\/span><\/a><\/p>\n","protected":false},"author":1,"featured_media":1109,"comment_status":"open","ping_status":"open","sticky":false,"template":"","format":"standard","meta":{"_lmt_disableupdate":"no","_lmt_disable":"no","neve_meta_sidebar":"","neve_meta_container":"","neve_meta_enable_content_width":"off","neve_meta_content_width":70,"neve_meta_title_alignment":"","neve_meta_author_avatar":"","neve_post_elements_order":"","neve_meta_disable_header":"","neve_meta_disable_footer":"","neve_meta_disable_title":"","footnotes":""},"categories":[11],"tags":[],"class_list":["post-1108","post","type-post","status-publish","format-standard","has-post-thumbnail","hentry","category-flotte-automobile"],"modified_by":"Greg","_links":{"self":[{"href":"https:\/\/automeeting.fr\/magazine\/wp-json\/wp\/v2\/posts\/1108","targetHints":{"allow":["GET"]}}],"collection":[{"href":"https:\/\/automeeting.fr\/magazine\/wp-json\/wp\/v2\/posts"}],"about":[{"href":"https:\/\/automeeting.fr\/magazine\/wp-json\/wp\/v2\/types\/post"}],"author":[{"embeddable":true,"href":"https:\/\/automeeting.fr\/magazine\/wp-json\/wp\/v2\/users\/1"}],"replies":[{"embeddable":true,"href":"https:\/\/automeeting.fr\/magazine\/wp-json\/wp\/v2\/comments?post=1108"}],"version-history":[{"count":3,"href":"https:\/\/automeeting.fr\/magazine\/wp-json\/wp\/v2\/posts\/1108\/revisions"}],"predecessor-version":[{"id":1113,"href":"https:\/\/automeeting.fr\/magazine\/wp-json\/wp\/v2\/posts\/1108\/revisions\/1113"}],"wp:featuredmedia":[{"embeddable":true,"href":"https:\/\/automeeting.fr\/magazine\/wp-json\/wp\/v2\/media\/1109"}],"wp:attachment":[{"href":"https:\/\/automeeting.fr\/magazine\/wp-json\/wp\/v2\/media?parent=1108"}],"wp:term":[{"taxonomy":"category","embeddable":true,"href":"https:\/\/automeeting.fr\/magazine\/wp-json\/wp\/v2\/categories?post=1108"},{"taxonomy":"post_tag","embeddable":true,"href":"https:\/\/automeeting.fr\/magazine\/wp-json\/wp\/v2\/tags?post=1108"}],"curies":[{"name":"wp","href":"https:\/\/api.w.org\/{rel}","templated":true}]}}